{"id":1930,"date":"2019-09-10T02:21:27","date_gmt":"2019-09-10T02:21:27","guid":{"rendered":"https:\/\/nocheretro.com\/beta\/cones\/?p=1930"},"modified":"2024-10-15T02:23:49","modified_gmt":"2024-10-15T02:23:49","slug":"jornadas-de-fortalecimiento-del-capital-humano-desarrolladas-en-el-cones","status":"publish","type":"post","link":"https:\/\/nocheretro.com\/beta\/cones\/jornadas-de-fortalecimiento-del-capital-humano-desarrolladas-en-el-cones\/","title":{"rendered":"Jornadas de fortalecimiento del Capital Humano desarrolladas en el CONES"},"content":{"rendered":"<p><img fetchpriority=\"high\" decoding=\"async\" class=\"alignnone size-full wp-image-1931\" src=\"https:\/\/nocheretro.com\/beta\/cones\/wp-content\/uploads\/2024\/10\/WhatsApp-Image-2019-09-06-at-09.42.33.jpeg\" alt=\"\" width=\"1280\" height=\"959\" srcset=\"https:\/\/nocheretro.com\/beta\/cones\/wp-content\/uploads\/2024\/10\/WhatsApp-Image-2019-09-06-at-09.42.33.jpeg 1280w, https:\/\/nocheretro.com\/beta\/cones\/wp-content\/uploads\/2024\/10\/WhatsApp-Image-2019-09-06-at-09.42.33-300x225.jpeg 300w, https:\/\/nocheretro.com\/beta\/cones\/wp-content\/uploads\/2024\/10\/WhatsApp-Image-2019-09-06-at-09.42.33-768x575.jpeg 768w, https:\/\/nocheretro.com\/beta\/cones\/wp-content\/uploads\/2024\/10\/WhatsApp-Image-2019-09-06-at-09.42.33-150x112.jpeg 150w, https:\/\/nocheretro.com\/beta\/cones\/wp-content\/uploads\/2024\/10\/WhatsApp-Image-2019-09-06-at-09.42.33-500x375.jpeg 500w\" sizes=\"(max-width: 1280px) 100vw, 1280px\" \/> <img decoding=\"async\" class=\"alignnone size-full wp-image-1933\" src=\"https:\/\/nocheretro.com\/beta\/cones\/wp-content\/uploads\/2024\/10\/WhatsApp-Image-2019-09-06-at-09.37.26.jpeg\" alt=\"\" width=\"1280\" height=\"960\" srcset=\"https:\/\/nocheretro.com\/beta\/cones\/wp-content\/uploads\/2024\/10\/WhatsApp-Image-2019-09-06-at-09.37.26.jpeg 1280w, https:\/\/nocheretro.com\/beta\/cones\/wp-content\/uploads\/2024\/10\/WhatsApp-Image-2019-09-06-at-09.37.26-300x225.jpeg 300w, https:\/\/nocheretro.com\/beta\/cones\/wp-content\/uploads\/2024\/10\/WhatsApp-Image-2019-09-06-at-09.37.26-768x576.jpeg 768w, https:\/\/nocheretro.com\/beta\/cones\/wp-content\/uploads\/2024\/10\/WhatsApp-Image-2019-09-06-at-09.37.26-150x113.jpeg 150w, https:\/\/nocheretro.com\/beta\/cones\/wp-content\/uploads\/2024\/10\/WhatsApp-Image-2019-09-06-at-09.37.26-500x375.jpeg 500w\" sizes=\"(max-width: 1280px) 100vw, 1280px\" \/><\/p>\n<p>El Consejo Nacional de Educaci\u00f3n Superior (CONES), llev\u00f3 a cabo en la primera semana de septiembre 2019, 2 jornadas de fortalecimiento del Capital Humano, desarrollando capacitaciones sobre \u201cSalud Mental\u201d y \u201c\u00c9tica Profesional\u201d.<\/p>\n<p>Las capacitaciones que fueron realizadas en el marco de la implementaci\u00f3n del Modelo Est\u00e1ndar de Control Interno para las Entidades P\u00fablicas del Paraguay (MECIP), se desarrollaron en las instalaciones del CONES los d\u00edas 4 y el 5 de setiembre, y fueron dirigidas por el equipo de profesionales de la Fundaci\u00f3n Buen Gobierno para colaboradores del CONES y otras instituciones p\u00fablicas.<\/p>\n<p>La primera jornada se inici\u00f3 con las palabras de bienvenida de la Dra. Hayd\u00e9e Gim\u00e9nez, Directora General de la entidad. De la segunda jornada tambi\u00e9n participaron los colaboradores del MOPC, AGPE y la Facultad de Derecho de la UNA.<\/p>\n<p>Los capacitadores que acompa\u00f1aron los espacios fueron el Lic. V\u00edctor Hugo Torres y el Arq. Carlos Alderete.<\/p>\n<p>El MECIP es un programa que establece el control, fiscalizaci\u00f3n y evaluaci\u00f3n de los sistemas de control interno de las entidades sujetas a la supervisi\u00f3n de la Contralor\u00eda General de la Rep\u00fablica, y en el CONES es desarrollado bajo la coordinaci\u00f3n de la CP. Daniela Mareco.<\/p>\n","protected":false},"excerpt":{"rendered":"<p>El Consejo Nacional de Educaci\u00f3n Superior (CONES), llev\u00f3 a cabo en la primera semana de septiembre 2019, 2 jornadas de fortalecimiento del Capital Humano, desarrollando capacitaciones sobre \u201cSalud Mental\u201d y \u201c\u00c9tica Profesional\u201d. Las capacitaciones que fueron realizadas en el marco de la implementaci\u00f3n del Modelo Est\u00e1ndar de Control Interno para las Entidades P\u00fablicas del Paraguay [&hellip;]<\/p>\n","protected":false},"author":1,"featured_media":1932,"comment_status":"closed","ping_status":"open","sticky":false,"template":"","format":"standard","meta":{"footnotes":""},"categories":[66],"tags":[],"class_list":["post-1930","post","type-post","status-publish","format-standard","has-post-thumbnail","hentry","category-capacitaciones"],"_links":{"self":[{"href":"https:\/\/nocheretro.com\/beta\/cones\/wp-json\/wp\/v2\/posts\/1930","targetHints":{"allow":["GET"]}}],"collection":[{"href":"https:\/\/nocheretro.com\/beta\/cones\/wp-json\/wp\/v2\/posts"}],"about":[{"href":"https:\/\/nocheretro.com\/beta\/cones\/wp-json\/wp\/v2\/types\/post"}],"author":[{"embeddable":true,"href":"https:\/\/nocheretro.com\/beta\/cones\/wp-json\/wp\/v2\/users\/1"}],"replies":[{"embeddable":true,"href":"https:\/\/nocheretro.com\/beta\/cones\/wp-json\/wp\/v2\/comments?post=1930"}],"version-history":[{"count":1,"href":"https:\/\/nocheretro.com\/beta\/cones\/wp-json\/wp\/v2\/posts\/1930\/revisions"}],"predecessor-version":[{"id":1934,"href":"https:\/\/nocheretro.com\/beta\/cones\/wp-json\/wp\/v2\/posts\/1930\/revisions\/1934"}],"wp:featuredmedia":[{"embeddable":true,"href":"https:\/\/nocheretro.com\/beta\/cones\/wp-json\/wp\/v2\/media\/1932"}],"wp:attachment":[{"href":"https:\/\/nocheretro.com\/beta\/cones\/wp-json\/wp\/v2\/media?parent=1930"}],"wp:term":[{"taxonomy":"category","embeddable":true,"href":"https:\/\/nocheretro.com\/beta\/cones\/wp-json\/wp\/v2\/categories?post=1930"},{"taxonomy":"post_tag","embeddable":true,"href":"https:\/\/nocheretro.com\/beta\/cones\/wp-json\/wp\/v2\/tags?post=1930"}],"curies":[{"name":"wp","href":"https:\/\/api.w.org\/{rel}","templated":true}]}}